{"id":30571,"date":"2026-07-01T00:46:58","date_gmt":"2026-07-01T00:46:58","guid":{"rendered":"https:\/\/immigrationcur.org\/?p=30571"},"modified":"2026-07-01T00:46:58","modified_gmt":"2026-07-01T00:46:58","slug":"hopi-interes-i-partisipashon-durante-dia-di-registrashon","status":"publish","type":"post","link":"https:\/\/immigrationcur-dev-h.profound-dev.com\/pap\/hopi-interes-i-partisipashon-durante-dia-di-registrashon\/","title":{"rendered":"Hopi interes i partisipashon durante dia di registrashon di Rib\u2019e Lug\u00e1"},"content":{"rendered":"<h2 class=\"page_title\">Hopi interes i partisipashon durante dia di registrashon di Rib\u2019e Lug\u00e1<\/h2>\n<h2><\/h2>\n<p style=\"text-align: left;\">Willemstad &#8211;\u00a0Tim di Rib\u2019e Lug\u00e1, den kolaborashon ku Servisio di Atmishon, a organis\u00e1 un dia di registrashon riba djasabra 27 di y\u00fcni 2026. Durante e dia di registrashon a duna personanan ku ta interes\u00e1 den e trayekto e oportunidat pa ha\u00f1a yudansa gr\u00e1tis ku nan registrashon.<\/p>\n<p>Durante e dia, hopi hende a bin prepar\u00e1 ku e dokumentonan reker\u00ed pa por registr\u00e1. E tim di Servisio di Atmishon i Rib\u2019e Lug\u00e1 a brinda asistensia durante e proseso di registrashon. Banda di esaki, e tim tabata disponibel pa kontest\u00e1 preguntanan personal i spes\u00edfiko ku kada un persona tabata tin, i tambe pa duna informashon relevante pa nan situashon.<\/p>\n<p>E kantidat di hende ku a bini na e dia di registrashon ta refleh\u00e1 e gran interes ku tin pa ku e trayekto di Rib\u2019e Lug\u00e1. Rib\u2019e Lug\u00e1 pronto lo anunsi\u00e1 otro dianan di registrashon. Personanan ku ta interes\u00e1 ta w\u00f2rdu invit\u00e1 pa sigui e kanalnan ofisial di Rib\u2019e Lug\u00e1 pa e siguiente fechannan i otro informashon relevante.<\/p>\n<p>Mi\u00e9ntras ku Rib\u2019e Lug\u00e1 ta planifik\u00e1 otro dianan di registrashon, ta importante pa enfatis\u00e1 ku personanan no mester warda pa registr\u00e1. Nan por hasi nan registrashon nan mes via e w\u00e8psait\u00a0<a href=\"http:\/\/www.ribeluga.cw\/\"><strong>www.ribeluga.cw<\/strong><\/a>, sin mester di un intermediario. Si un persona ke ha\u00f1a yudansa ku e proseso, IOM ta ofres\u00e9 yudansa gr\u00e1tis ku registrashon mediante sita. Mas informashon tokante kon pa hasi un sita ku IOM ta disponibel riba e w\u00e8psait di Rib\u2019e Lug\u00e1.<\/p>\n<h2>Kiko ta Rib\u2019e Lug\u00e1?<\/h2>\n<p>Rib\u2019e Lug\u00e1 ta un trayekto temporal di registrashon i legalisashon destin\u00e1 pa personanan ku ta permanes\u00e9 indokument\u00e1 na K\u00f2rsou. Via e trayekto aki, personanan ku ta kumpli ku e kondishonnan stipul\u00e1 por registr\u00e1 pa un p\u00e8rmit di estadia temporal.<\/p>\n<h2>Keda inform\u00e1<\/h2>\n<p>Pa mas informashon tokante e trayekto, e rekisitonan i e dokumentonan nesesario, bishit\u00e1:<\/p>\n<p><a href=\"http:\/\/www.ribeluga.cw\/\">www.ribeluga.cw<\/a><\/p>\n<p>Sigui tambe e kanalnan ofisial di Rib\u2019e Lug\u00e1 pa informashon aktualis\u00e1:<\/p>\n<p>Facebook: Rib\u2019e Lug\u00e1<br \/>\nInstagram: @ribe_luga<br \/>\nWhatsApp Channel: Rib\u2019e Lug\u00e1 \u2013 Nos Lug\u00e1, Bon Regl\u00e1<\/p>\n<p>&nbsp;<\/p>\n","protected":false},"excerpt":{"rendered":"<p>Ramen graphical user interface stealth. Deployment buyer lean startup network effects mass market<br \/>\ntechnology angel investor holy grail conversion. Vesting period hypotheses facebook entrepreneur sales startup social media early adopters holy grail marketing market monetization. User experience series a financing rockstar innovator pitch infographic ecosystem scrum project.<\/p>\n","protected":false},"author":5,"featured_media":30559,"comment_status":"closed","ping_status":"closed","sticky":false,"template":"","format":"standard","meta":{"_acf_changed":false,"_jetpack_newsletter_access":"","_jetpack_dont_email_post_to_subs":false,"_jetpack_newsletter_tier_id":0,"_jetpack_memberships_contains_paywalled_content":false,"_jetpack_memberships_contains_paid_content":false,"footnotes":""},"categories":[161],"tags":[162],"class_list":["post-30571","post","type-post","status-publish","format-standard","has-post-thumbnail","hentry","category-toelating-pap","tag-toelatingsorganisatie-pap"],"acf":[],"yoast_head":"<!-- This site is optimized with the Yoast SEO plugin v28.4 - https:\/\/yoast.com\/product\/yoast-seo-wordpress\/ -->\n<title>Hopi interes i partisipashon durante dia di registrashon di Rib\u2019e Lug\u00e1<\/title>\n<meta name=\"description\" content=\"Tim di Rib\u2019e Lug\u00e1, den kolaborashon ku Servisio di Atmishon, a organis\u00e1 un dia di registrashon\" \/>\n<meta name=\"robots\" content=\"index, follow, max-snippet:-1, max-image-preview:large, max-video-preview:-1\" \/>\n<link rel=\"canonical\" href=\"https:\/\/immigrationcur-dev-h.profound-dev.com\/pap\/hopi-interes-i-partisipashon-durante-dia-di-registrashon\/\" \/>\n<meta property=\"og:locale\" content=\"en_US\" \/>\n<meta property=\"og:type\" content=\"article\" \/>\n<meta property=\"og:title\" content=\"Hopi interes i partisipashon durante dia di registrashon di Rib\u2019e Lug\u00e1\" \/>\n<meta property=\"og:description\" content=\"Tim di Rib\u2019e Lug\u00e1, den kolaborashon ku Servisio di Atmishon, a organis\u00e1 un dia di registrashon\" \/>\n<meta property=\"og:url\" content=\"https:\/\/immigrationcur-dev-h.profound-dev.com\/pap\/hopi-interes-i-partisipashon-durante-dia-di-registrashon\/\" \/>\n<meta property=\"og:site_name\" content=\"Immigratiedienst Cura\u00e7ao\" \/>\n<meta property=\"article:published_time\" content=\"2026-07-01T00:46:58+00:00\" \/>\n<meta property=\"og:image\" content=\"https:\/\/immigrationcur-dev-h.profound-dev.com\/wp-content\/uploads\/2020\/07\/735238687_122116669143025041_380258062595828997_n.jpg\" \/>\n\t<meta property=\"og:image:width\" content=\"1920\" \/>\n\t<meta property=\"og:image:height\" content=\"1281\" \/>\n\t<meta property=\"og:image:type\" content=\"image\/jpeg\" \/>\n<meta name=\"author\" content=\"Jennifer.Ritfeld@immigrationcur.org\" \/>\n<meta name=\"twitter:card\" content=\"summary_large_image\" \/>\n<meta name=\"twitter:label1\" content=\"Written by\" \/>\n\t<meta name=\"twitter:data1\" content=\"Jennifer.Ritfeld@immigrationcur.org\" \/>\n\t<meta name=\"twitter:label2\" content=\"Est. reading time\" \/>\n\t<meta name=\"twitter:data2\" content=\"2 minutes\" \/>\n<script type=\"application\/ld+json\" class=\"yoast-schema-graph\">{\"@context\":\"https:\\\/\\\/schema.org\",\"@graph\":[{\"@type\":\"Article\",\"@id\":\"https:\\\/\\\/immigrationcur-dev-h.profound-dev.com\\\/pap\\\/hopi-interes-i-partisipashon-durante-dia-di-registrashon\\\/#article\",\"isPartOf\":{\"@id\":\"https:\\\/\\\/immigrationcur-dev-h.profound-dev.com\\\/pap\\\/hopi-interes-i-partisipashon-durante-dia-di-registrashon\\\/\"},\"author\":{\"name\":\"Jennifer.Ritfeld@immigrationcur.org\",\"@id\":\"https:\\\/\\\/immigrationcur-dev-h.profound-dev.com\\\/pap\\\/#\\\/schema\\\/person\\\/0ca0ef3a0cf6d5140a69176a4a7c45e4\"},\"headline\":\"Hopi interes i partisipashon durante dia di registrashon di Rib\u2019e Lug\u00e1\",\"datePublished\":\"2026-07-01T00:46:58+00:00\",\"mainEntityOfPage\":{\"@id\":\"https:\\\/\\\/immigrationcur-dev-h.profound-dev.com\\\/pap\\\/hopi-interes-i-partisipashon-durante-dia-di-registrashon\\\/\"},\"wordCount\":373,\"image\":{\"@id\":\"https:\\\/\\\/immigrationcur-dev-h.profound-dev.com\\\/pap\\\/hopi-interes-i-partisipashon-durante-dia-di-registrashon\\\/#primaryimage\"},\"thumbnailUrl\":\"https:\\\/\\\/immigrationcur-dev-h.profound-dev.com\\\/wp-content\\\/uploads\\\/2020\\\/07\\\/735238687_122116669143025041_380258062595828997_n.jpg\",\"keywords\":[\"Toelatingsorganisatie\"],\"articleSection\":[\"Toelating\"],\"inLanguage\":\"pap-AW\"},{\"@type\":\"WebPage\",\"@id\":\"https:\\\/\\\/immigrationcur-dev-h.profound-dev.com\\\/pap\\\/hopi-interes-i-partisipashon-durante-dia-di-registrashon\\\/\",\"url\":\"https:\\\/\\\/immigrationcur-dev-h.profound-dev.com\\\/pap\\\/hopi-interes-i-partisipashon-durante-dia-di-registrashon\\\/\",\"name\":\"Hopi interes i partisipashon durante dia di registrashon di Rib\u2019e Lug\u00e1\",\"isPartOf\":{\"@id\":\"https:\\\/\\\/immigrationcur-dev-h.profound-dev.com\\\/pap\\\/#website\"},\"primaryImageOfPage\":{\"@id\":\"https:\\\/\\\/immigrationcur-dev-h.profound-dev.com\\\/pap\\\/hopi-interes-i-partisipashon-durante-dia-di-registrashon\\\/#primaryimage\"},\"image\":{\"@id\":\"https:\\\/\\\/immigrationcur-dev-h.profound-dev.com\\\/pap\\\/hopi-interes-i-partisipashon-durante-dia-di-registrashon\\\/#primaryimage\"},\"thumbnailUrl\":\"https:\\\/\\\/immigrationcur-dev-h.profound-dev.com\\\/wp-content\\\/uploads\\\/2020\\\/07\\\/735238687_122116669143025041_380258062595828997_n.jpg\",\"datePublished\":\"2026-07-01T00:46:58+00:00\",\"author\":{\"@id\":\"https:\\\/\\\/immigrationcur-dev-h.profound-dev.com\\\/pap\\\/#\\\/schema\\\/person\\\/0ca0ef3a0cf6d5140a69176a4a7c45e4\"},\"description\":\"Tim di Rib\u2019e Lug\u00e1, den kolaborashon ku Servisio di Atmishon, a organis\u00e1 un dia di registrashon\",\"breadcrumb\":{\"@id\":\"https:\\\/\\\/immigrationcur-dev-h.profound-dev.com\\\/pap\\\/hopi-interes-i-partisipashon-durante-dia-di-registrashon\\\/#breadcrumb\"},\"inLanguage\":\"pap-AW\",\"potentialAction\":[{\"@type\":\"ReadAction\",\"target\":[\"https:\\\/\\\/immigrationcur-dev-h.profound-dev.com\\\/pap\\\/hopi-interes-i-partisipashon-durante-dia-di-registrashon\\\/\"]}]},{\"@type\":\"ImageObject\",\"inLanguage\":\"pap-AW\",\"@id\":\"https:\\\/\\\/immigrationcur-dev-h.profound-dev.com\\\/pap\\\/hopi-interes-i-partisipashon-durante-dia-di-registrashon\\\/#primaryimage\",\"url\":\"https:\\\/\\\/immigrationcur-dev-h.profound-dev.com\\\/wp-content\\\/uploads\\\/2020\\\/07\\\/735238687_122116669143025041_380258062595828997_n.jpg\",\"contentUrl\":\"https:\\\/\\\/immigrationcur-dev-h.profound-dev.com\\\/wp-content\\\/uploads\\\/2020\\\/07\\\/735238687_122116669143025041_380258062595828997_n.jpg\",\"width\":1920,\"height\":1281},{\"@type\":\"BreadcrumbList\",\"@id\":\"https:\\\/\\\/immigrationcur-dev-h.profound-dev.com\\\/pap\\\/hopi-interes-i-partisipashon-durante-dia-di-registrashon\\\/#breadcrumb\",\"itemListElement\":[{\"@type\":\"ListItem\",\"position\":1,\"name\":\"Pagina sentral\",\"item\":\"https:\\\/\\\/immigrationcur-dev-h.profound-dev.com\\\/pap\\\/\"},{\"@type\":\"ListItem\",\"position\":2,\"name\":\"Hopi interes i partisipashon durante dia di registrashon di Rib\u2019e Lug\u00e1\"}]},{\"@type\":\"WebSite\",\"@id\":\"https:\\\/\\\/immigrationcur-dev-h.profound-dev.com\\\/pap\\\/#website\",\"url\":\"https:\\\/\\\/immigrationcur-dev-h.profound-dev.com\\\/pap\\\/\",\"name\":\"Immigratiedienst Cura\u00e7ao\",\"description\":\"De Toelatingsorganisatie (TO) behandelt aanvragen van personen die zich voor een korte of langere periode op Cura\u00e7ao willen verblijven.\",\"potentialAction\":[{\"@type\":\"SearchAction\",\"target\":{\"@type\":\"EntryPoint\",\"urlTemplate\":\"https:\\\/\\\/immigrationcur-dev-h.profound-dev.com\\\/pap\\\/?s={search_term_string}\"},\"query-input\":{\"@type\":\"PropertyValueSpecification\",\"valueRequired\":true,\"valueName\":\"search_term_string\"}}],\"inLanguage\":\"pap-AW\"},{\"@type\":\"Person\",\"@id\":\"https:\\\/\\\/immigrationcur-dev-h.profound-dev.com\\\/pap\\\/#\\\/schema\\\/person\\\/0ca0ef3a0cf6d5140a69176a4a7c45e4\",\"name\":\"Jennifer.Ritfeld@immigrationcur.org\",\"image\":{\"@type\":\"ImageObject\",\"inLanguage\":\"pap-AW\",\"@id\":\"https:\\\/\\\/secure.gravatar.com\\\/avatar\\\/3ef188cbfb5acd440c97597ea31f5ab9f49874ee2fb2bc08c09142e5f17b7d8c?s=96&d=mm&r=g\",\"url\":\"https:\\\/\\\/secure.gravatar.com\\\/avatar\\\/3ef188cbfb5acd440c97597ea31f5ab9f49874ee2fb2bc08c09142e5f17b7d8c?s=96&d=mm&r=g\",\"contentUrl\":\"https:\\\/\\\/secure.gravatar.com\\\/avatar\\\/3ef188cbfb5acd440c97597ea31f5ab9f49874ee2fb2bc08c09142e5f17b7d8c?s=96&d=mm&r=g\",\"caption\":\"Jennifer.Ritfeld@immigrationcur.org\"},\"url\":\"https:\\\/\\\/immigrationcur-dev-h.profound-dev.com\\\/pap\\\/author\\\/jennifer-ritfeldimmigrationcur-org\\\/\"}]}<\/script>\n<!-- \/ Yoast SEO plugin. -->","yoast_head_json":{"title":"Hopi interes i partisipashon durante dia di registrashon di Rib\u2019e Lug\u00e1","description":"Tim di Rib\u2019e Lug\u00e1, den kolaborashon ku Servisio di Atmishon, a organis\u00e1 un dia di registrashon","robots":{"index":"index","follow":"follow","max-snippet":"max-snippet:-1","max-image-preview":"max-image-preview:large","max-video-preview":"max-video-preview:-1"},"canonical":"https:\/\/immigrationcur-dev-h.profound-dev.com\/pap\/hopi-interes-i-partisipashon-durante-dia-di-registrashon\/","og_locale":"en_US","og_type":"article","og_title":"Hopi interes i partisipashon durante dia di registrashon di Rib\u2019e Lug\u00e1","og_description":"Tim di Rib\u2019e Lug\u00e1, den kolaborashon ku Servisio di Atmishon, a organis\u00e1 un dia di registrashon","og_url":"https:\/\/immigrationcur-dev-h.profound-dev.com\/pap\/hopi-interes-i-partisipashon-durante-dia-di-registrashon\/","og_site_name":"Immigratiedienst Cura\u00e7ao","article_published_time":"2026-07-01T00:46:58+00:00","og_image":[{"width":1920,"height":1281,"url":"https:\/\/immigrationcur-dev-h.profound-dev.com\/wp-content\/uploads\/2020\/07\/735238687_122116669143025041_380258062595828997_n.jpg","type":"image\/jpeg"}],"author":"Jennifer.Ritfeld@immigrationcur.org","twitter_card":"summary_large_image","twitter_misc":{"Written by":"Jennifer.Ritfeld@immigrationcur.org","Est. reading time":"2 minutes"},"schema":{"@context":"https:\/\/schema.org","@graph":[{"@type":"Article","@id":"https:\/\/immigrationcur-dev-h.profound-dev.com\/pap\/hopi-interes-i-partisipashon-durante-dia-di-registrashon\/#article","isPartOf":{"@id":"https:\/\/immigrationcur-dev-h.profound-dev.com\/pap\/hopi-interes-i-partisipashon-durante-dia-di-registrashon\/"},"author":{"name":"Jennifer.Ritfeld@immigrationcur.org","@id":"https:\/\/immigrationcur-dev-h.profound-dev.com\/pap\/#\/schema\/person\/0ca0ef3a0cf6d5140a69176a4a7c45e4"},"headline":"Hopi interes i partisipashon durante dia di registrashon di Rib\u2019e Lug\u00e1","datePublished":"2026-07-01T00:46:58+00:00","mainEntityOfPage":{"@id":"https:\/\/immigrationcur-dev-h.profound-dev.com\/pap\/hopi-interes-i-partisipashon-durante-dia-di-registrashon\/"},"wordCount":373,"image":{"@id":"https:\/\/immigrationcur-dev-h.profound-dev.com\/pap\/hopi-interes-i-partisipashon-durante-dia-di-registrashon\/#primaryimage"},"thumbnailUrl":"https:\/\/immigrationcur-dev-h.profound-dev.com\/wp-content\/uploads\/2020\/07\/735238687_122116669143025041_380258062595828997_n.jpg","keywords":["Toelatingsorganisatie"],"articleSection":["Toelating"],"inLanguage":"pap-AW"},{"@type":"WebPage","@id":"https:\/\/immigrationcur-dev-h.profound-dev.com\/pap\/hopi-interes-i-partisipashon-durante-dia-di-registrashon\/","url":"https:\/\/immigrationcur-dev-h.profound-dev.com\/pap\/hopi-interes-i-partisipashon-durante-dia-di-registrashon\/","name":"Hopi interes i partisipashon durante dia di registrashon di Rib\u2019e Lug\u00e1","isPartOf":{"@id":"https:\/\/immigrationcur-dev-h.profound-dev.com\/pap\/#website"},"primaryImageOfPage":{"@id":"https:\/\/immigrationcur-dev-h.profound-dev.com\/pap\/hopi-interes-i-partisipashon-durante-dia-di-registrashon\/#primaryimage"},"image":{"@id":"https:\/\/immigrationcur-dev-h.profound-dev.com\/pap\/hopi-interes-i-partisipashon-durante-dia-di-registrashon\/#primaryimage"},"thumbnailUrl":"https:\/\/immigrationcur-dev-h.profound-dev.com\/wp-content\/uploads\/2020\/07\/735238687_122116669143025041_380258062595828997_n.jpg","datePublished":"2026-07-01T00:46:58+00:00","author":{"@id":"https:\/\/immigrationcur-dev-h.profound-dev.com\/pap\/#\/schema\/person\/0ca0ef3a0cf6d5140a69176a4a7c45e4"},"description":"Tim di Rib\u2019e Lug\u00e1, den kolaborashon ku Servisio di Atmishon, a organis\u00e1 un dia di registrashon","breadcrumb":{"@id":"https:\/\/immigrationcur-dev-h.profound-dev.com\/pap\/hopi-interes-i-partisipashon-durante-dia-di-registrashon\/#breadcrumb"},"inLanguage":"pap-AW","potentialAction":[{"@type":"ReadAction","target":["https:\/\/immigrationcur-dev-h.profound-dev.com\/pap\/hopi-interes-i-partisipashon-durante-dia-di-registrashon\/"]}]},{"@type":"ImageObject","inLanguage":"pap-AW","@id":"https:\/\/immigrationcur-dev-h.profound-dev.com\/pap\/hopi-interes-i-partisipashon-durante-dia-di-registrashon\/#primaryimage","url":"https:\/\/immigrationcur-dev-h.profound-dev.com\/wp-content\/uploads\/2020\/07\/735238687_122116669143025041_380258062595828997_n.jpg","contentUrl":"https:\/\/immigrationcur-dev-h.profound-dev.com\/wp-content\/uploads\/2020\/07\/735238687_122116669143025041_380258062595828997_n.jpg","width":1920,"height":1281},{"@type":"BreadcrumbList","@id":"https:\/\/immigrationcur-dev-h.profound-dev.com\/pap\/hopi-interes-i-partisipashon-durante-dia-di-registrashon\/#breadcrumb","itemListElement":[{"@type":"ListItem","position":1,"name":"Pagina sentral","item":"https:\/\/immigrationcur-dev-h.profound-dev.com\/pap\/"},{"@type":"ListItem","position":2,"name":"Hopi interes i partisipashon durante dia di registrashon di Rib\u2019e Lug\u00e1"}]},{"@type":"WebSite","@id":"https:\/\/immigrationcur-dev-h.profound-dev.com\/pap\/#website","url":"https:\/\/immigrationcur-dev-h.profound-dev.com\/pap\/","name":"Immigratiedienst Cura\u00e7ao","description":"De Toelatingsorganisatie (TO) behandelt aanvragen van personen die zich voor een korte of langere periode op Cura\u00e7ao willen verblijven.","potentialAction":[{"@type":"SearchAction","target":{"@type":"EntryPoint","urlTemplate":"https:\/\/immigrationcur-dev-h.profound-dev.com\/pap\/?s={search_term_string}"},"query-input":{"@type":"PropertyValueSpecification","valueRequired":true,"valueName":"search_term_string"}}],"inLanguage":"pap-AW"},{"@type":"Person","@id":"https:\/\/immigrationcur-dev-h.profound-dev.com\/pap\/#\/schema\/person\/0ca0ef3a0cf6d5140a69176a4a7c45e4","name":"Jennifer.Ritfeld@immigrationcur.org","image":{"@type":"ImageObject","inLanguage":"pap-AW","@id":"https:\/\/secure.gravatar.com\/avatar\/3ef188cbfb5acd440c97597ea31f5ab9f49874ee2fb2bc08c09142e5f17b7d8c?s=96&d=mm&r=g","url":"https:\/\/secure.gravatar.com\/avatar\/3ef188cbfb5acd440c97597ea31f5ab9f49874ee2fb2bc08c09142e5f17b7d8c?s=96&d=mm&r=g","contentUrl":"https:\/\/secure.gravatar.com\/avatar\/3ef188cbfb5acd440c97597ea31f5ab9f49874ee2fb2bc08c09142e5f17b7d8c?s=96&d=mm&r=g","caption":"Jennifer.Ritfeld@immigrationcur.org"},"url":"https:\/\/immigrationcur-dev-h.profound-dev.com\/pap\/author\/jennifer-ritfeldimmigrationcur-org\/"}]}},"jetpack_sharing_enabled":true,"jetpack_featured_media_url":"https:\/\/immigrationcur-dev-h.profound-dev.com\/wp-content\/uploads\/2020\/07\/735238687_122116669143025041_380258062595828997_n.jpg","_links":{"self":[{"href":"https:\/\/immigrationcur-dev-h.profound-dev.com\/pap\/wp-json\/wp\/v2\/posts\/30571","targetHints":{"allow":["GET"]}}],"collection":[{"href":"https:\/\/immigrationcur-dev-h.profound-dev.com\/pap\/wp-json\/wp\/v2\/posts"}],"about":[{"href":"https:\/\/immigrationcur-dev-h.profound-dev.com\/pap\/wp-json\/wp\/v2\/types\/post"}],"author":[{"embeddable":true,"href":"https:\/\/immigrationcur-dev-h.profound-dev.com\/pap\/wp-json\/wp\/v2\/users\/5"}],"replies":[{"embeddable":true,"href":"https:\/\/immigrationcur-dev-h.profound-dev.com\/pap\/wp-json\/wp\/v2\/comments?post=30571"}],"version-history":[{"count":2,"href":"https:\/\/immigrationcur-dev-h.profound-dev.com\/pap\/wp-json\/wp\/v2\/posts\/30571\/revisions"}],"predecessor-version":[{"id":30576,"href":"https:\/\/immigrationcur-dev-h.profound-dev.com\/pap\/wp-json\/wp\/v2\/posts\/30571\/revisions\/30576"}],"wp:featuredmedia":[{"embeddable":true,"href":"https:\/\/immigrationcur-dev-h.profound-dev.com\/pap\/wp-json\/wp\/v2\/media\/30559"}],"wp:attachment":[{"href":"https:\/\/immigrationcur-dev-h.profound-dev.com\/pap\/wp-json\/wp\/v2\/media?parent=30571"}],"wp:term":[{"taxonomy":"category","embeddable":true,"href":"https:\/\/immigrationcur-dev-h.profound-dev.com\/pap\/wp-json\/wp\/v2\/categories?post=30571"},{"taxonomy":"post_tag","embeddable":true,"href":"https:\/\/immigrationcur-dev-h.profound-dev.com\/pap\/wp-json\/wp\/v2\/tags?post=30571"}],"curies":[{"name":"wp","href":"https:\/\/api.w.org\/{rel}","templated":true}]}}