{"id":23019,"date":"2025-01-02T16:25:08","date_gmt":"2025-01-02T16:25:08","guid":{"rendered":"https:\/\/immigrationcur.org\/?p=23019"},"modified":"2025-01-02T16:41:34","modified_gmt":"2025-01-02T16:41:34","slug":"el-servicio-de-admision-con-ajustes-servisio-al-publico","status":"publish","type":"post","link":"https:\/\/immigrationcur-dev-h.profound-dev.com\/es\/el-servicio-de-admision-con-ajustes-servisio-al-publico\/","title":{"rendered":"El Servicio de Admisi\u00f3n con ajustes en el servicio al p\u00fablico"},"content":{"rendered":"<h2><strong>El Servicio de Admisi\u00f3n con ajustes en el servicio al p\u00fablico<\/strong><\/h2>\n<p>Willemstad &#8211; El Servicio de Admisi\u00f3n informa que, a partir del <strong>lunes 6 de enero de 2025<\/strong>, su ventanilla de informaci\u00f3n estar\u00e1 nuevamente abierta al p\u00fablico en Prinsenstraat 90, Punda. Esto significa que solo las personas que necesiten informaci\u00f3n podr\u00e1n acudir a la oficina en Punda. Las personas que tengan cita para recibir su t\u00edtulo de residencia (sello en el pasaporte) deber\u00e1n acudir a Vrgunningenloket en Sali\u00f1a 127.<\/p>\n<p>Para informaci\u00f3n sobre el estado de solicitudes, comprobantes de solicitud, casos espec\u00edficos y apelaciones, deber\u00e1n dirigirse a Punda. Toda correspondencia (correo) para el Servicio de Admisi\u00f3n tambi\u00e9n podr\u00e1 entregarse en la oficina en Punda. El Centro de Conectividad del Cliente (kiosco de autoservicio) tambi\u00e9n estar\u00e1 nuevamente disponible para el p\u00fablico. Horario para el p\u00fablico es de lunes a jueves de 8:00 am a 11:45 am y de 12:30 pm a 2:45 pm. Los viernes de 8:00 am a 11:45 am y de 12:30 pm a 1:45 pm<\/p>\n<p>Para obtener el t\u00edtulo de residencia (sello en el pasaporte), prueba de regreso, salida definitiva y voucher de restituci\u00f3n, es necesario acudir a Vergunningenloket en Sali\u00f1a, conforme a su cita. Horario para el p\u00fablico es<br \/>\nde lunes a jueves de las 8:00 am hasta las 3:00 pm. Viernes de las 8:00 am hasta las 12:00 pm<\/p>\n<p>El Servicio de Admisi\u00f3n solicita que tomen debida nota de este cambio. Asimismo, agradece a sus clientes por su comprensi\u00f3n y contin\u00faa trabajando para seguir brindando el servicio habitual.<\/p>\n","protected":false},"excerpt":{"rendered":"<p>Ramen graphical user interface stealth. Deployment buyer lean startup network effects mass market<br \/>\ntechnology angel investor holy grail conversion. Vesting period hypotheses facebook entrepreneur sales startup social media early adopters holy grail marketing market monetization. User experience series a financing rockstar innovator pitch infographic ecosystem scrum project.<\/p>\n","protected":false},"author":5,"featured_media":22998,"comment_status":"closed","ping_status":"closed","sticky":false,"template":"","format":"standard","meta":{"_acf_changed":false,"_jetpack_newsletter_access":"","_jetpack_dont_email_post_to_subs":false,"_jetpack_newsletter_tier_id":0,"_jetpack_memberships_contains_paywalled_content":false,"_jetpack_memberships_contains_paid_content":false,"footnotes":""},"categories":[126],"tags":[127],"class_list":["post-23019","post","type-post","status-publish","format-standard","has-post-thumbnail","hentry","category-toelating-es","tag-toelatingsorganisatie-es"],"acf":[],"yoast_head":"<!-- This site is optimized with the Yoast SEO plugin v28.4 - https:\/\/yoast.com\/product\/yoast-seo-wordpress\/ -->\n<title>El Servicio de Admisi\u00f3n con ajustes en el servicio al p\u00fablico<\/title>\n<meta name=\"description\" content=\"El Servicio de Admisi\u00f3n informa que, a partir del lunes 6 de enero de 2025, su ventanilla de informaci\u00f3n\" \/>\n<meta name=\"robots\" content=\"index, follow, max-snippet:-1, max-image-preview:large, max-video-preview:-1\" \/>\n<link rel=\"canonical\" href=\"https:\/\/immigrationcur-dev-h.profound-dev.com\/es\/el-servicio-de-admision-con-ajustes-servisio-al-publico\/\" \/>\n<meta property=\"og:locale\" content=\"es_ES\" \/>\n<meta property=\"og:type\" content=\"article\" \/>\n<meta property=\"og:title\" content=\"El Servicio de Admisi\u00f3n con ajustes en el servicio al p\u00fablico\" \/>\n<meta property=\"og:description\" content=\"El Servicio de Admisi\u00f3n informa que, a partir del lunes 6 de enero de 2025, su ventanilla de informaci\u00f3n\" \/>\n<meta property=\"og:url\" content=\"https:\/\/immigrationcur-dev-h.profound-dev.com\/es\/el-servicio-de-admision-con-ajustes-servisio-al-publico\/\" \/>\n<meta property=\"og:site_name\" content=\"Immigratiedienst Cura\u00e7ao\" \/>\n<meta property=\"article:published_time\" content=\"2025-01-02T16:25:08+00:00\" \/>\n<meta property=\"article:modified_time\" content=\"2025-01-02T16:41:34+00:00\" \/>\n<meta property=\"og:image\" content=\"https:\/\/immigrationcur-dev-h.profound-dev.com\/wp-content\/uploads\/2020\/07\/20241215_locatie-6JAN2025_SPA-copy.jpg\" \/>\n\t<meta property=\"og:image:width\" content=\"1920\" \/>\n\t<meta property=\"og:image:height\" content=\"1920\" \/>\n\t<meta property=\"og:image:type\" content=\"image\/jpeg\" \/>\n<meta name=\"author\" content=\"Jennifer.Ritfeld@immigrationcur.org\" \/>\n<meta name=\"twitter:card\" content=\"summary_large_image\" \/>\n<meta name=\"twitter:label1\" content=\"Escrito por\" \/>\n\t<meta name=\"twitter:data1\" content=\"Jennifer.Ritfeld@immigrationcur.org\" \/>\n\t<meta name=\"twitter:label2\" content=\"Tiempo de lectura\" \/>\n\t<meta name=\"twitter:data2\" content=\"2 minutos\" \/>\n<script type=\"application\/ld+json\" class=\"yoast-schema-graph\">{\"@context\":\"https:\\\/\\\/schema.org\",\"@graph\":[{\"@type\":\"Article\",\"@id\":\"https:\\\/\\\/immigrationcur-dev-h.profound-dev.com\\\/es\\\/el-servicio-de-admision-con-ajustes-servisio-al-publico\\\/#article\",\"isPartOf\":{\"@id\":\"https:\\\/\\\/immigrationcur-dev-h.profound-dev.com\\\/es\\\/el-servicio-de-admision-con-ajustes-servisio-al-publico\\\/\"},\"author\":{\"name\":\"Jennifer.Ritfeld@immigrationcur.org\",\"@id\":\"https:\\\/\\\/immigrationcur-dev-h.profound-dev.com\\\/es\\\/#\\\/schema\\\/person\\\/0ca0ef3a0cf6d5140a69176a4a7c45e4\"},\"headline\":\"El Servicio de Admisi\u00f3n con ajustes en el servicio al p\u00fablico\",\"datePublished\":\"2025-01-02T16:25:08+00:00\",\"dateModified\":\"2025-01-02T16:41:34+00:00\",\"mainEntityOfPage\":{\"@id\":\"https:\\\/\\\/immigrationcur-dev-h.profound-dev.com\\\/es\\\/el-servicio-de-admision-con-ajustes-servisio-al-publico\\\/\"},\"wordCount\":273,\"image\":{\"@id\":\"https:\\\/\\\/immigrationcur-dev-h.profound-dev.com\\\/es\\\/el-servicio-de-admision-con-ajustes-servisio-al-publico\\\/#primaryimage\"},\"thumbnailUrl\":\"https:\\\/\\\/immigrationcur-dev-h.profound-dev.com\\\/wp-content\\\/uploads\\\/2020\\\/07\\\/20241215_locatie-6JAN2025_SPA-copy.jpg\",\"keywords\":[\"Toelatingsorganisatie\"],\"articleSection\":[\"Toelating\"],\"inLanguage\":\"es\"},{\"@type\":\"WebPage\",\"@id\":\"https:\\\/\\\/immigrationcur-dev-h.profound-dev.com\\\/es\\\/el-servicio-de-admision-con-ajustes-servisio-al-publico\\\/\",\"url\":\"https:\\\/\\\/immigrationcur-dev-h.profound-dev.com\\\/es\\\/el-servicio-de-admision-con-ajustes-servisio-al-publico\\\/\",\"name\":\"El Servicio de Admisi\u00f3n con ajustes en el servicio al p\u00fablico\",\"isPartOf\":{\"@id\":\"https:\\\/\\\/immigrationcur-dev-h.profound-dev.com\\\/es\\\/#website\"},\"primaryImageOfPage\":{\"@id\":\"https:\\\/\\\/immigrationcur-dev-h.profound-dev.com\\\/es\\\/el-servicio-de-admision-con-ajustes-servisio-al-publico\\\/#primaryimage\"},\"image\":{\"@id\":\"https:\\\/\\\/immigrationcur-dev-h.profound-dev.com\\\/es\\\/el-servicio-de-admision-con-ajustes-servisio-al-publico\\\/#primaryimage\"},\"thumbnailUrl\":\"https:\\\/\\\/immigrationcur-dev-h.profound-dev.com\\\/wp-content\\\/uploads\\\/2020\\\/07\\\/20241215_locatie-6JAN2025_SPA-copy.jpg\",\"datePublished\":\"2025-01-02T16:25:08+00:00\",\"dateModified\":\"2025-01-02T16:41:34+00:00\",\"author\":{\"@id\":\"https:\\\/\\\/immigrationcur-dev-h.profound-dev.com\\\/es\\\/#\\\/schema\\\/person\\\/0ca0ef3a0cf6d5140a69176a4a7c45e4\"},\"description\":\"El Servicio de Admisi\u00f3n informa que, a partir del lunes 6 de enero de 2025, su ventanilla de informaci\u00f3n\",\"breadcrumb\":{\"@id\":\"https:\\\/\\\/immigrationcur-dev-h.profound-dev.com\\\/es\\\/el-servicio-de-admision-con-ajustes-servisio-al-publico\\\/#breadcrumb\"},\"inLanguage\":\"es\",\"potentialAction\":[{\"@type\":\"ReadAction\",\"target\":[\"https:\\\/\\\/immigrationcur-dev-h.profound-dev.com\\\/es\\\/el-servicio-de-admision-con-ajustes-servisio-al-publico\\\/\"]}]},{\"@type\":\"ImageObject\",\"inLanguage\":\"es\",\"@id\":\"https:\\\/\\\/immigrationcur-dev-h.profound-dev.com\\\/es\\\/el-servicio-de-admision-con-ajustes-servisio-al-publico\\\/#primaryimage\",\"url\":\"https:\\\/\\\/immigrationcur-dev-h.profound-dev.com\\\/wp-content\\\/uploads\\\/2020\\\/07\\\/20241215_locatie-6JAN2025_SPA-copy.jpg\",\"contentUrl\":\"https:\\\/\\\/immigrationcur-dev-h.profound-dev.com\\\/wp-content\\\/uploads\\\/2020\\\/07\\\/20241215_locatie-6JAN2025_SPA-copy.jpg\",\"width\":1920,\"height\":1920},{\"@type\":\"BreadcrumbList\",\"@id\":\"https:\\\/\\\/immigrationcur-dev-h.profound-dev.com\\\/es\\\/el-servicio-de-admision-con-ajustes-servisio-al-publico\\\/#breadcrumb\",\"itemListElement\":[{\"@type\":\"ListItem\",\"position\":1,\"name\":\"Inicio\",\"item\":\"https:\\\/\\\/immigrationcur-dev-h.profound-dev.com\\\/es\\\/\"},{\"@type\":\"ListItem\",\"position\":2,\"name\":\"El Servicio de Admisi\u00f3n con ajustes en el servicio al p\u00fablico\"}]},{\"@type\":\"WebSite\",\"@id\":\"https:\\\/\\\/immigrationcur-dev-h.profound-dev.com\\\/es\\\/#website\",\"url\":\"https:\\\/\\\/immigrationcur-dev-h.profound-dev.com\\\/es\\\/\",\"name\":\"Immigratiedienst Cura\u00e7ao\",\"description\":\"De Toelatingsorganisatie (TO) behandelt aanvragen van personen die zich voor een korte of langere periode op Cura\u00e7ao willen verblijven.\",\"potentialAction\":[{\"@type\":\"SearchAction\",\"target\":{\"@type\":\"EntryPoint\",\"urlTemplate\":\"https:\\\/\\\/immigrationcur-dev-h.profound-dev.com\\\/es\\\/?s={search_term_string}\"},\"query-input\":{\"@type\":\"PropertyValueSpecification\",\"valueRequired\":true,\"valueName\":\"search_term_string\"}}],\"inLanguage\":\"es\"},{\"@type\":\"Person\",\"@id\":\"https:\\\/\\\/immigrationcur-dev-h.profound-dev.com\\\/es\\\/#\\\/schema\\\/person\\\/0ca0ef3a0cf6d5140a69176a4a7c45e4\",\"name\":\"Jennifer.Ritfeld@immigrationcur.org\",\"image\":{\"@type\":\"ImageObject\",\"inLanguage\":\"es\",\"@id\":\"https:\\\/\\\/secure.gravatar.com\\\/avatar\\\/3ef188cbfb5acd440c97597ea31f5ab9f49874ee2fb2bc08c09142e5f17b7d8c?s=96&d=mm&r=g\",\"url\":\"https:\\\/\\\/secure.gravatar.com\\\/avatar\\\/3ef188cbfb5acd440c97597ea31f5ab9f49874ee2fb2bc08c09142e5f17b7d8c?s=96&d=mm&r=g\",\"contentUrl\":\"https:\\\/\\\/secure.gravatar.com\\\/avatar\\\/3ef188cbfb5acd440c97597ea31f5ab9f49874ee2fb2bc08c09142e5f17b7d8c?s=96&d=mm&r=g\",\"caption\":\"Jennifer.Ritfeld@immigrationcur.org\"},\"url\":\"https:\\\/\\\/immigrationcur-dev-h.profound-dev.com\\\/es\\\/author\\\/jennifer-ritfeldimmigrationcur-org\\\/\"}]}<\/script>\n<!-- \/ Yoast SEO plugin. -->","yoast_head_json":{"title":"El Servicio de Admisi\u00f3n con ajustes en el servicio al p\u00fablico","description":"El Servicio de Admisi\u00f3n informa que, a partir del lunes 6 de enero de 2025, su ventanilla de informaci\u00f3n","robots":{"index":"index","follow":"follow","max-snippet":"max-snippet:-1","max-image-preview":"max-image-preview:large","max-video-preview":"max-video-preview:-1"},"canonical":"https:\/\/immigrationcur-dev-h.profound-dev.com\/es\/el-servicio-de-admision-con-ajustes-servisio-al-publico\/","og_locale":"es_ES","og_type":"article","og_title":"El Servicio de Admisi\u00f3n con ajustes en el servicio al p\u00fablico","og_description":"El Servicio de Admisi\u00f3n informa que, a partir del lunes 6 de enero de 2025, su ventanilla de informaci\u00f3n","og_url":"https:\/\/immigrationcur-dev-h.profound-dev.com\/es\/el-servicio-de-admision-con-ajustes-servisio-al-publico\/","og_site_name":"Immigratiedienst Cura\u00e7ao","article_published_time":"2025-01-02T16:25:08+00:00","article_modified_time":"2025-01-02T16:41:34+00:00","og_image":[{"width":1920,"height":1920,"url":"https:\/\/immigrationcur-dev-h.profound-dev.com\/wp-content\/uploads\/2020\/07\/20241215_locatie-6JAN2025_SPA-copy.jpg","type":"image\/jpeg"}],"author":"Jennifer.Ritfeld@immigrationcur.org","twitter_card":"summary_large_image","twitter_misc":{"Escrito por":"Jennifer.Ritfeld@immigrationcur.org","Tiempo de lectura":"2 minutos"},"schema":{"@context":"https:\/\/schema.org","@graph":[{"@type":"Article","@id":"https:\/\/immigrationcur-dev-h.profound-dev.com\/es\/el-servicio-de-admision-con-ajustes-servisio-al-publico\/#article","isPartOf":{"@id":"https:\/\/immigrationcur-dev-h.profound-dev.com\/es\/el-servicio-de-admision-con-ajustes-servisio-al-publico\/"},"author":{"name":"Jennifer.Ritfeld@immigrationcur.org","@id":"https:\/\/immigrationcur-dev-h.profound-dev.com\/es\/#\/schema\/person\/0ca0ef3a0cf6d5140a69176a4a7c45e4"},"headline":"El Servicio de Admisi\u00f3n con ajustes en el servicio al p\u00fablico","datePublished":"2025-01-02T16:25:08+00:00","dateModified":"2025-01-02T16:41:34+00:00","mainEntityOfPage":{"@id":"https:\/\/immigrationcur-dev-h.profound-dev.com\/es\/el-servicio-de-admision-con-ajustes-servisio-al-publico\/"},"wordCount":273,"image":{"@id":"https:\/\/immigrationcur-dev-h.profound-dev.com\/es\/el-servicio-de-admision-con-ajustes-servisio-al-publico\/#primaryimage"},"thumbnailUrl":"https:\/\/immigrationcur-dev-h.profound-dev.com\/wp-content\/uploads\/2020\/07\/20241215_locatie-6JAN2025_SPA-copy.jpg","keywords":["Toelatingsorganisatie"],"articleSection":["Toelating"],"inLanguage":"es"},{"@type":"WebPage","@id":"https:\/\/immigrationcur-dev-h.profound-dev.com\/es\/el-servicio-de-admision-con-ajustes-servisio-al-publico\/","url":"https:\/\/immigrationcur-dev-h.profound-dev.com\/es\/el-servicio-de-admision-con-ajustes-servisio-al-publico\/","name":"El Servicio de Admisi\u00f3n con ajustes en el servicio al p\u00fablico","isPartOf":{"@id":"https:\/\/immigrationcur-dev-h.profound-dev.com\/es\/#website"},"primaryImageOfPage":{"@id":"https:\/\/immigrationcur-dev-h.profound-dev.com\/es\/el-servicio-de-admision-con-ajustes-servisio-al-publico\/#primaryimage"},"image":{"@id":"https:\/\/immigrationcur-dev-h.profound-dev.com\/es\/el-servicio-de-admision-con-ajustes-servisio-al-publico\/#primaryimage"},"thumbnailUrl":"https:\/\/immigrationcur-dev-h.profound-dev.com\/wp-content\/uploads\/2020\/07\/20241215_locatie-6JAN2025_SPA-copy.jpg","datePublished":"2025-01-02T16:25:08+00:00","dateModified":"2025-01-02T16:41:34+00:00","author":{"@id":"https:\/\/immigrationcur-dev-h.profound-dev.com\/es\/#\/schema\/person\/0ca0ef3a0cf6d5140a69176a4a7c45e4"},"description":"El Servicio de Admisi\u00f3n informa que, a partir del lunes 6 de enero de 2025, su ventanilla de informaci\u00f3n","breadcrumb":{"@id":"https:\/\/immigrationcur-dev-h.profound-dev.com\/es\/el-servicio-de-admision-con-ajustes-servisio-al-publico\/#breadcrumb"},"inLanguage":"es","potentialAction":[{"@type":"ReadAction","target":["https:\/\/immigrationcur-dev-h.profound-dev.com\/es\/el-servicio-de-admision-con-ajustes-servisio-al-publico\/"]}]},{"@type":"ImageObject","inLanguage":"es","@id":"https:\/\/immigrationcur-dev-h.profound-dev.com\/es\/el-servicio-de-admision-con-ajustes-servisio-al-publico\/#primaryimage","url":"https:\/\/immigrationcur-dev-h.profound-dev.com\/wp-content\/uploads\/2020\/07\/20241215_locatie-6JAN2025_SPA-copy.jpg","contentUrl":"https:\/\/immigrationcur-dev-h.profound-dev.com\/wp-content\/uploads\/2020\/07\/20241215_locatie-6JAN2025_SPA-copy.jpg","width":1920,"height":1920},{"@type":"BreadcrumbList","@id":"https:\/\/immigrationcur-dev-h.profound-dev.com\/es\/el-servicio-de-admision-con-ajustes-servisio-al-publico\/#breadcrumb","itemListElement":[{"@type":"ListItem","position":1,"name":"Inicio","item":"https:\/\/immigrationcur-dev-h.profound-dev.com\/es\/"},{"@type":"ListItem","position":2,"name":"El Servicio de Admisi\u00f3n con ajustes en el servicio al p\u00fablico"}]},{"@type":"WebSite","@id":"https:\/\/immigrationcur-dev-h.profound-dev.com\/es\/#website","url":"https:\/\/immigrationcur-dev-h.profound-dev.com\/es\/","name":"Immigratiedienst Cura\u00e7ao","description":"De Toelatingsorganisatie (TO) behandelt aanvragen van personen die zich voor een korte of langere periode op Cura\u00e7ao willen verblijven.","potentialAction":[{"@type":"SearchAction","target":{"@type":"EntryPoint","urlTemplate":"https:\/\/immigrationcur-dev-h.profound-dev.com\/es\/?s={search_term_string}"},"query-input":{"@type":"PropertyValueSpecification","valueRequired":true,"valueName":"search_term_string"}}],"inLanguage":"es"},{"@type":"Person","@id":"https:\/\/immigrationcur-dev-h.profound-dev.com\/es\/#\/schema\/person\/0ca0ef3a0cf6d5140a69176a4a7c45e4","name":"Jennifer.Ritfeld@immigrationcur.org","image":{"@type":"ImageObject","inLanguage":"es","@id":"https:\/\/secure.gravatar.com\/avatar\/3ef188cbfb5acd440c97597ea31f5ab9f49874ee2fb2bc08c09142e5f17b7d8c?s=96&d=mm&r=g","url":"https:\/\/secure.gravatar.com\/avatar\/3ef188cbfb5acd440c97597ea31f5ab9f49874ee2fb2bc08c09142e5f17b7d8c?s=96&d=mm&r=g","contentUrl":"https:\/\/secure.gravatar.com\/avatar\/3ef188cbfb5acd440c97597ea31f5ab9f49874ee2fb2bc08c09142e5f17b7d8c?s=96&d=mm&r=g","caption":"Jennifer.Ritfeld@immigrationcur.org"},"url":"https:\/\/immigrationcur-dev-h.profound-dev.com\/es\/author\/jennifer-ritfeldimmigrationcur-org\/"}]}},"jetpack_sharing_enabled":true,"jetpack_featured_media_url":"https:\/\/immigrationcur-dev-h.profound-dev.com\/wp-content\/uploads\/2020\/07\/20241215_locatie-6JAN2025_SPA-copy.jpg","_links":{"self":[{"href":"https:\/\/immigrationcur-dev-h.profound-dev.com\/es\/wp-json\/wp\/v2\/posts\/23019","targetHints":{"allow":["GET"]}}],"collection":[{"href":"https:\/\/immigrationcur-dev-h.profound-dev.com\/es\/wp-json\/wp\/v2\/posts"}],"about":[{"href":"https:\/\/immigrationcur-dev-h.profound-dev.com\/es\/wp-json\/wp\/v2\/types\/post"}],"author":[{"embeddable":true,"href":"https:\/\/immigrationcur-dev-h.profound-dev.com\/es\/wp-json\/wp\/v2\/users\/5"}],"replies":[{"embeddable":true,"href":"https:\/\/immigrationcur-dev-h.profound-dev.com\/es\/wp-json\/wp\/v2\/comments?post=23019"}],"version-history":[{"count":3,"href":"https:\/\/immigrationcur-dev-h.profound-dev.com\/es\/wp-json\/wp\/v2\/posts\/23019\/revisions"}],"predecessor-version":[{"id":23085,"href":"https:\/\/immigrationcur-dev-h.profound-dev.com\/es\/wp-json\/wp\/v2\/posts\/23019\/revisions\/23085"}],"wp:featuredmedia":[{"embeddable":true,"href":"https:\/\/immigrationcur-dev-h.profound-dev.com\/es\/wp-json\/wp\/v2\/media\/22998"}],"wp:attachment":[{"href":"https:\/\/immigrationcur-dev-h.profound-dev.com\/es\/wp-json\/wp\/v2\/media?parent=23019"}],"wp:term":[{"taxonomy":"category","embeddable":true,"href":"https:\/\/immigrationcur-dev-h.profound-dev.com\/es\/wp-json\/wp\/v2\/categories?post=23019"},{"taxonomy":"post_tag","embeddable":true,"href":"https:\/\/immigrationcur-dev-h.profound-dev.com\/es\/wp-json\/wp\/v2\/tags?post=23019"}],"curies":[{"name":"wp","href":"https:\/\/api.w.org\/{rel}","templated":true}]}}